{"id":125379,"date":"2023-01-10T10:26:14","date_gmt":"2023-01-10T10:26:14","guid":{"rendered":"https:\/\/kaunas2022.eu\/?p=125379"},"modified":"2023-01-10T10:26:14","modified_gmt":"2023-01-10T10:26:14","slug":"baptism-in-a-canoe-14-hour-shifts-and-dancing-cameras-kaunas-2022-through-the-eyes-of-the-media-team","status":"publish","type":"post","link":"https:\/\/kaunas2022.eu\/en\/2023\/01\/10\/baptism-in-a-canoe-14-hour-shifts-and-dancing-cameras-kaunas-2022-through-the-eyes-of-the-media-team\/","title":{"rendered":"Baptism in a Canoe, 14-hour Shifts, And Dancing Cameras: Kaunas 2022 Through the Eyes of the Media Team"},"content":{"rendered":"<figure id=\"attachment_125357\" aria-describedby=\"caption-attachment-125357\" style=\"width: 2560px\" class=\"wp-caption alignnone\"><img decoding=\"async\" class=\"size-full wp-image-125357\" src=\"http:\/\/kaunas2022.eu\/wp-content\/uploads\/2023\/01\/Martynas-Plepys_Akademija_Kaunas-2022_Martynas-Plepys-scaled.jpg\" alt=\"\" width=\"2560\" height=\"1707\" srcset=\"https:\/\/kaunas2022.eu\/wp-content\/uploads\/2023\/01\/Martynas-Plepys_Akademija_Kaunas-2022_Martynas-Plepys-scaled.jpg 2560w, https:\/\/kaunas2022.eu\/wp-content\/uploads\/2023\/01\/Martynas-Plepys_Akademija_Kaunas-2022_Martynas-Plepys-314x209.jpg 314w, https:\/\/kaunas2022.eu\/wp-content\/uploads\/2023\/01\/Martynas-Plepys_Akademija_Kaunas-2022_Martynas-Plepys-1024x683.jpg 1024w, https:\/\/kaunas2022.eu\/wp-content\/uploads\/2023\/01\/Martynas-Plepys_Akademija_Kaunas-2022_Martynas-Plepys-150x100.jpg 150w, https:\/\/kaunas2022.eu\/wp-content\/uploads\/2023\/01\/Martynas-Plepys_Akademija_Kaunas-2022_Martynas-Plepys-768x512.jpg 768w, https:\/\/kaunas2022.eu\/wp-content\/uploads\/2023\/01\/Martynas-Plepys_Akademija_Kaunas-2022_Martynas-Plepys-1536x1024.jpg 1536w, https:\/\/kaunas2022.eu\/wp-content\/uploads\/2023\/01\/Martynas-Plepys_Akademija_Kaunas-2022_Martynas-Plepys-2048x1365.jpg 2048w\" sizes=\"(max-width: 2560px) 100vw, 2560px\" \/><figcaption id=\"caption-attachment-125357\" class=\"wp-caption-text\">M. Plepio nuotr.<\/figcaption><\/figure>\n<p><span style=\"font-weight: 400;\">Kilometres, steps, terabytes, snapshots, people met, or just ticks on the calendar are helpful ways to calculate the work done during the year of Kaunas &#8211; European Capital of Culture 2022 and up to it. We talked to photographers Martynas Plepys, Teodoras Bili\u016bnas, Gra\u017evydas Jovai\u0161a and Andrius Aleksandravi\u010dius, as well as to video artist Marius Paplauskas, who have already taken a break after the closure of Kaunas 2022, about the project\u2019s visual chronicles. Even though they all did essentially the same thing, the experiences and legacies of the five Kaunasians are very different.\u00a0<\/span><\/p>\n<figure id=\"attachment_125330\" aria-describedby=\"caption-attachment-125330\" style=\"width: 2560px\" class=\"wp-caption alignnone\"><img decoding=\"async\" class=\"size-full wp-image-125330\" src=\"http:\/\/kaunas2022.eu\/wp-content\/uploads\/2023\/01\/Andrius-Aleksandravicius_Kiemu-svente_Kaunas-2022-scaled.jpg\" alt=\"\" width=\"2560\" height=\"1919\" srcset=\"https:\/\/kaunas2022.eu\/wp-content\/uploads\/2023\/01\/Andrius-Aleksandravicius_Kiemu-svente_Kaunas-2022-scaled.jpg 2560w, https:\/\/kaunas2022.eu\/wp-content\/uploads\/2023\/01\/Andrius-Aleksandravicius_Kiemu-svente_Kaunas-2022-314x235.jpg 314w, https:\/\/kaunas2022.eu\/wp-content\/uploads\/2023\/01\/Andrius-Aleksandravicius_Kiemu-svente_Kaunas-2022-1024x768.jpg 1024w, https:\/\/kaunas2022.eu\/wp-content\/uploads\/2023\/01\/Andrius-Aleksandravicius_Kiemu-svente_Kaunas-2022-150x112.jpg 150w, https:\/\/kaunas2022.eu\/wp-content\/uploads\/2023\/01\/Andrius-Aleksandravicius_Kiemu-svente_Kaunas-2022-768x576.jpg 768w, https:\/\/kaunas2022.eu\/wp-content\/uploads\/2023\/01\/Andrius-Aleksandravicius_Kiemu-svente_Kaunas-2022-1536x1151.jpg 1536w, https:\/\/kaunas2022.eu\/wp-content\/uploads\/2023\/01\/Andrius-Aleksandravicius_Kiemu-svente_Kaunas-2022-2048x1535.jpg 2048w\" sizes=\"(max-width: 2560px) 100vw, 2560px\" \/><figcaption id=\"caption-attachment-125330\" class=\"wp-caption-text\">Kiem\u0173 \u0161vent\u0117, A. Aleksandravi\u010diaus nuotr.<\/figcaption><\/figure>\n<p><b>\u0160e\u0161eri metai Kaune ir Kauno rajone\u00a0<\/b><\/p>\n<p><span style=\"font-weight: 400;\">Andrius Aleksandravi\u010dius was one of the first to hop on board &#8211; his shots of Kaunas were used in the project\u2019s application, submitted in the spring of 2016. His expressive photographs added to the success of the city\u2019s core ideas as a future European Capital of Culture (ECoC) in 2022.\u00a0<\/span><\/p>\n<p><span style=\"font-weight: 400;\">\u2018My shots were also used for the first posts on the Kaunas 2022 Instagram account,\u2019 recalls the photographer, much appreciated for his bird\u2019s-eye views of Kaunas city and Kaunas district. Andrius estimates that in almost six years, he managed to attend over 200 events of the programme, which he both photographed and filmed with the help of a drone. The most intense year for him was 2021, with 76 captured events.<\/span><\/p>\n<p><iframe title=\"YouTube video player\" src=\"https:\/\/www.youtube.com\/embed\/ztT6qMPd23o\" width=\"560\" height=\"315\" frameborder=\"0\" allowfullscreen=\"allowfullscreen\"><\/iframe><\/p>\n<p><span style=\"font-weight: 400;\">\u2018I remember in 2016, when Agn\u0117 Pinigien\u0117, Kaunas 2022\u2019s Communications Manager, invited me to meet the project CEO Virginija Vitkien\u0117 and head of the program Ana Ko\u010degarova-Maj. I was just starting out in filmmaking and very naive but brave,\u2019 laughs video artist Marius Paplauskas, who filmed the project\u2019s origins. In total, he accumulated about 10 TB of material; even more of it was buried in his old computer.\u00a0<\/span><\/p>\n<p><span style=\"font-weight: 400;\">Teodoras Bili\u016bnas considers the starting point for his Kaunas 2022 adventure to be the day the city won the ECoC title, 29 March 2017, when he photographed the anticipation of the decision and the moments of joy in the Town Hall Square. The photographer collaborates with the BNS news service and news portals, so the ECoC program became a part of his routine. It was his photographs from happenings such as the naming of Kaunas Airport as \u2018Fluxus\u2019 that were the first to be seen by news portal readers, often before the events had even ended. \u2018How to calculate all this &#8211; in events, shots or kilometres, I have no idea; it was just a regular part of my daily work,\u2019 the photographer laughs.<\/span><\/p>\n<figure id=\"attachment_125354\" aria-describedby=\"caption-attachment-125354\" style=\"width: 2560px\" class=\"wp-caption alignnone\"><img decoding=\"async\" class=\"size-full wp-image-125354\" src=\"http:\/\/kaunas2022.eu\/wp-content\/uploads\/2023\/01\/Teodoras-Biliunas_Kaunas-2022-Atidarymas-scaled.jpg\" alt=\"\" width=\"2560\" height=\"1707\" srcset=\"https:\/\/kaunas2022.eu\/wp-content\/uploads\/2023\/01\/Teodoras-Biliunas_Kaunas-2022-Atidarymas-scaled.jpg 2560w, https:\/\/kaunas2022.eu\/wp-content\/uploads\/2023\/01\/Teodoras-Biliunas_Kaunas-2022-Atidarymas-314x209.jpg 314w, https:\/\/kaunas2022.eu\/wp-content\/uploads\/2023\/01\/Teodoras-Biliunas_Kaunas-2022-Atidarymas-1024x683.jpg 1024w, https:\/\/kaunas2022.eu\/wp-content\/uploads\/2023\/01\/Teodoras-Biliunas_Kaunas-2022-Atidarymas-150x100.jpg 150w, https:\/\/kaunas2022.eu\/wp-content\/uploads\/2023\/01\/Teodoras-Biliunas_Kaunas-2022-Atidarymas-768x512.jpg 768w, https:\/\/kaunas2022.eu\/wp-content\/uploads\/2023\/01\/Teodoras-Biliunas_Kaunas-2022-Atidarymas-1536x1024.jpg 1536w, https:\/\/kaunas2022.eu\/wp-content\/uploads\/2023\/01\/Teodoras-Biliunas_Kaunas-2022-Atidarymas-2048x1365.jpg 2048w\" sizes=\"(max-width: 2560px) 100vw, 2560px\" \/><figcaption id=\"caption-attachment-125354\" class=\"wp-caption-text\">Kaunas 2022 Atidarymas, T. Bili\u016bno nuotr.<\/figcaption><\/figure>\n<p><span style=\"font-weight: 400;\">\u2018500 events, 200,000 shots, 16,000 photos ready for publication\u2019, Martynas Plepys, who has been working with the camera since 2018 at the invitation of Kaunas 2022, states his personal statistics. One of his first assignments was to shoot a portrait of the then \u017dalgiris coach \u0160ar\u016bnas Jasikevi\u010dius. The legendary Kaunas basketball star reacted: \u2018You need my picture? The internet is full of them,\u2019 but in the end, he did not refuse to pose for Martynas.<\/span><\/p>\n<p><span style=\"font-weight: 400;\">Gra\u017evydas Jovai\u0161a joined the team of photo wizards at the latest, in May 2022, during the second act of the contemporary Kaunas trilogy, \u2018Confluence\u2019. \u2018As soon as I returned from my holiday in Greece, I fell into the Lithuanian May shower. It rained all day without a break, and I had to shoot for about 14 hours.\u2019 \u2018Hundreds of kilometres, thousands of steps. One day of photographing the Emerald Way objects was exceptionally memorable; I had to travel around almost the entire Kaunas district, exploring towns and suburbs I had never visited before.\u2019<\/span><\/p>\n<figure id=\"attachment_125333\" aria-describedby=\"caption-attachment-125333\" style=\"width: 2560px\" class=\"wp-caption alignnone\"><img decoding=\"async\" class=\"size-full wp-image-125333\" src=\"http:\/\/kaunas2022.eu\/wp-content\/uploads\/2023\/01\/Martynas-Plepys_Kultura-i-kiemus-karantinas_Martynas-Plepys-scaled.jpg\" alt=\"\" width=\"2560\" height=\"1707\" srcset=\"https:\/\/kaunas2022.eu\/wp-content\/uploads\/2023\/01\/Martynas-Plepys_Kultura-i-kiemus-karantinas_Martynas-Plepys-scaled.jpg 2560w, https:\/\/kaunas2022.eu\/wp-content\/uploads\/2023\/01\/Martynas-Plepys_Kultura-i-kiemus-karantinas_Martynas-Plepys-314x209.jpg 314w, https:\/\/kaunas2022.eu\/wp-content\/uploads\/2023\/01\/Martynas-Plepys_Kultura-i-kiemus-karantinas_Martynas-Plepys-1024x683.jpg 1024w, https:\/\/kaunas2022.eu\/wp-content\/uploads\/2023\/01\/Martynas-Plepys_Kultura-i-kiemus-karantinas_Martynas-Plepys-150x100.jpg 150w, https:\/\/kaunas2022.eu\/wp-content\/uploads\/2023\/01\/Martynas-Plepys_Kultura-i-kiemus-karantinas_Martynas-Plepys-768x512.jpg 768w, https:\/\/kaunas2022.eu\/wp-content\/uploads\/2023\/01\/Martynas-Plepys_Kultura-i-kiemus-karantinas_Martynas-Plepys-1536x1024.jpg 1536w, https:\/\/kaunas2022.eu\/wp-content\/uploads\/2023\/01\/Martynas-Plepys_Kultura-i-kiemus-karantinas_Martynas-Plepys-2048x1365.jpg 2048w\" sizes=\"(max-width: 2560px) 100vw, 2560px\" \/><figcaption id=\"caption-attachment-125333\" class=\"wp-caption-text\">Kult\u016bra \u012f kiemus, M. Plepio nuotr.<\/figcaption><\/figure>\n<p><b>Chemistry Between Performers and Observers\u00a0<\/b><\/p>\n<p><span style=\"font-weight: 400;\">\u2018Often, the performers, speakers, etc., are the most important at events, but working with Kaunas 2022 community programme Fluxus Labas!, especially during the pandemic, and photographing the project Culture in the Courtyards, I realised that the most fun for me was catching the happy crowd and enjoying participants, and that became a vital accent in my work,\u2019 Martynas states.\u00a0<\/span><\/p>\n<p><span style=\"font-weight: 400;\">\u2018You can basically create a press report in three shots &#8211; a close-up, a general view and some detail,\u2019 says Teodoras when asked which is more interesting to photograph, the performers or the spectators. For him, at the concerts of bands, which he has attended a lot in the ECoC programme, it is essential to capture the general mood of the event, and the empathetic audience, which creates the atmosphere of the coverage. \u2018Even one spectator, captured in close-up, can represent the whole mood.\u2019<\/span><\/p>\n<p><img decoding=\"async\" class=\"size-full wp-image-125363\" src=\"http:\/\/kaunas2022.eu\/wp-content\/uploads\/2023\/01\/Grazvydas-Jovaisa_Garliava_Siuolaikines-seniunijos_-GrazvydasJovaisa.jpg\" alt=\"\" width=\"2500\" height=\"1667\" srcset=\"https:\/\/kaunas2022.eu\/wp-content\/uploads\/2023\/01\/Grazvydas-Jovaisa_Garliava_Siuolaikines-seniunijos_-GrazvydasJovaisa.jpg 2500w, https:\/\/kaunas2022.eu\/wp-content\/uploads\/2023\/01\/Grazvydas-Jovaisa_Garliava_Siuolaikines-seniunijos_-GrazvydasJovaisa-314x209.jpg 314w, https:\/\/kaunas2022.eu\/wp-content\/uploads\/2023\/01\/Grazvydas-Jovaisa_Garliava_Siuolaikines-seniunijos_-GrazvydasJovaisa-1024x683.jpg 1024w, https:\/\/kaunas2022.eu\/wp-content\/uploads\/2023\/01\/Grazvydas-Jovaisa_Garliava_Siuolaikines-seniunijos_-GrazvydasJovaisa-150x100.jpg 150w, https:\/\/kaunas2022.eu\/wp-content\/uploads\/2023\/01\/Grazvydas-Jovaisa_Garliava_Siuolaikines-seniunijos_-GrazvydasJovaisa-768x512.jpg 768w, https:\/\/kaunas2022.eu\/wp-content\/uploads\/2023\/01\/Grazvydas-Jovaisa_Garliava_Siuolaikines-seniunijos_-GrazvydasJovaisa-1536x1024.jpg 1536w, https:\/\/kaunas2022.eu\/wp-content\/uploads\/2023\/01\/Grazvydas-Jovaisa_Garliava_Siuolaikines-seniunijos_-GrazvydasJovaisa-2048x1366.jpg 2048w\" sizes=\"(max-width: 2500px) 100vw, 2500px\" \/>\u0160iuolaikin\u0117s seni\u016bnijos \u2013 Garliava, G. Jovai\u0161os nuotr.<\/p>\n<p><span style=\"font-weight: 400;\">\u2018For me, the viewer is also more important. Of course, the work of the performers is enormous, but with their work, they transfer the audience that \u2018special something\u2019 that translates into a fascinating emotion,\u2019 Andrius reflects.<\/span><\/p>\n<p><span style=\"font-weight: 400;\">\u2018It\u2019s exciting to photograph people who are not used to posing. I\u2019ve experienced this at community events &#8211; I often had to talk to the spectators and tame them into relaxing in front of the lens. As the months went by, I noticed that the people I photographed not for the first time, especially seniors, managed to relax more quickly; they even asked to be photographed; it was very nice,\u2019 recalls Gra\u017evydas. He was just as interested in taking portraits of the more important guests of Kaunas 2022 and getting to know them.\u00a0<\/span><\/p>\n<p><span style=\"font-weight: 400;\">\u2018For me, the most meaningful thing is when I can capture the interaction between the performer and the viewer here and now when the so-called chemistry happens. I might lose something in the search for such moments, but it\u2019s worth it,\u2019 reveals Marius, who creates memorable videos. He points out that over the years, the people involved in cultural events have changed and become freer and more involved. \u2018I\u2019m unsure if this change is in them or me. I don\u2019t like cameras myself, so I understand that others may not be happy when I get close, but it does affect the quality of the shots. However, I\u2019ve learned to tame people myself, and they seem to have got used to it.\u2019<\/span><\/p>\n<figure id=\"attachment_125336\" aria-describedby=\"caption-attachment-125336\" style=\"width: 2500px\" class=\"wp-caption alignnone\"><img decoding=\"async\" class=\"size-full wp-image-125336\" src=\"http:\/\/kaunas2022.eu\/wp-content\/uploads\/2023\/01\/Grazvydas-Jovaisa_Santaka-Grazvydas-Jovaisa.jpg\" alt=\"\" width=\"2500\" height=\"1667\" srcset=\"https:\/\/kaunas2022.eu\/wp-content\/uploads\/2023\/01\/Grazvydas-Jovaisa_Santaka-Grazvydas-Jovaisa.jpg 2500w, https:\/\/kaunas2022.eu\/wp-content\/uploads\/2023\/01\/Grazvydas-Jovaisa_Santaka-Grazvydas-Jovaisa-314x209.jpg 314w, https:\/\/kaunas2022.eu\/wp-content\/uploads\/2023\/01\/Grazvydas-Jovaisa_Santaka-Grazvydas-Jovaisa-1024x683.jpg 1024w, https:\/\/kaunas2022.eu\/wp-content\/uploads\/2023\/01\/Grazvydas-Jovaisa_Santaka-Grazvydas-Jovaisa-150x100.jpg 150w, https:\/\/kaunas2022.eu\/wp-content\/uploads\/2023\/01\/Grazvydas-Jovaisa_Santaka-Grazvydas-Jovaisa-768x512.jpg 768w, https:\/\/kaunas2022.eu\/wp-content\/uploads\/2023\/01\/Grazvydas-Jovaisa_Santaka-Grazvydas-Jovaisa-1536x1024.jpg 1536w, https:\/\/kaunas2022.eu\/wp-content\/uploads\/2023\/01\/Grazvydas-Jovaisa_Santaka-Grazvydas-Jovaisa-2048x1366.jpg 2048w\" sizes=\"(max-width: 2500px) 100vw, 2500px\" \/><figcaption id=\"caption-attachment-125336\" class=\"wp-caption-text\">Santaka, G. Jovai\u0161os nuotr.<\/figcaption><\/figure>\n<p><b>What Stays Behind the Camera<\/b><\/p>\n<p><span style=\"font-weight: 400;\">All of the interviewees identified the main events of Kaunas 2022 &#8211; \u2018Confusion\u2019, \u2018Confluence\u2019, \u2018Contract\u2019, and the \u2018Fluxus Festival\u2019 &#8211; as the biggest and most challenging tasks. \u2018With so much action, it\u2019s tough to decide which way to run and what\u2019s more important to capture,\u2019 reflects Martynas, while his colleagues add that the weather significantly impacts such events. \u2018Even though I wasn\u2019t working at the \u2018Contract\u2019, I must admit that it was a lot of fun to watch the closing ceremony of Kaunas 2022 in the warmth and comfort of the \u017dalgirio Arena, for a change,\u2019 smiles Teodoras.\u00a0<\/span><\/p>\n<p><span style=\"font-weight: 400;\">\u2018The ConTempo festival was the most creative and improvisational\u2019, says Martynas. He recalls one director asking him to press the button just as the performer was hammering a nail so that the sound of the shooting wouldn\u2019t disturb the audience: \u2018These and similar requests made me think carefully about how to create an interesting story in the existing situation, and these were fun challenges.\u2019<\/span><\/p>\n<figure id=\"attachment_125348\" aria-describedby=\"caption-attachment-125348\" style=\"width: 2560px\" class=\"wp-caption alignnone\"><img decoding=\"async\" class=\"size-full wp-image-125348\" src=\"http:\/\/kaunas2022.eu\/wp-content\/uploads\/2023\/01\/Martynas-Plepys_Contempo-festivalis_Martynas-Plepys_Kaunas-2022-scaled.jpg\" alt=\"\" width=\"2560\" height=\"1707\" srcset=\"https:\/\/kaunas2022.eu\/wp-content\/uploads\/2023\/01\/Martynas-Plepys_Contempo-festivalis_Martynas-Plepys_Kaunas-2022-scaled.jpg 2560w, https:\/\/kaunas2022.eu\/wp-content\/uploads\/2023\/01\/Martynas-Plepys_Contempo-festivalis_Martynas-Plepys_Kaunas-2022-314x209.jpg 314w, https:\/\/kaunas2022.eu\/wp-content\/uploads\/2023\/01\/Martynas-Plepys_Contempo-festivalis_Martynas-Plepys_Kaunas-2022-1024x683.jpg 1024w, https:\/\/kaunas2022.eu\/wp-content\/uploads\/2023\/01\/Martynas-Plepys_Contempo-festivalis_Martynas-Plepys_Kaunas-2022-150x100.jpg 150w, https:\/\/kaunas2022.eu\/wp-content\/uploads\/2023\/01\/Martynas-Plepys_Contempo-festivalis_Martynas-Plepys_Kaunas-2022-768x512.jpg 768w, https:\/\/kaunas2022.eu\/wp-content\/uploads\/2023\/01\/Martynas-Plepys_Contempo-festivalis_Martynas-Plepys_Kaunas-2022-1536x1024.jpg 1536w, https:\/\/kaunas2022.eu\/wp-content\/uploads\/2023\/01\/Martynas-Plepys_Contempo-festivalis_Martynas-Plepys_Kaunas-2022-2048x1365.jpg 2048w\" sizes=\"(max-width: 2560px) 100vw, 2560px\" \/><figcaption id=\"caption-attachment-125348\" class=\"wp-caption-text\">Contempo festivalis, M. Plepio nuotr.<\/figcaption><\/figure>\n<p><span style=\"font-weight: 400;\">Although Andrius is best known for aerial images in this collective, Martynas also had to catch some bird\u2019s-eye shots. \u2018I remember a more dangerous incident when, while filming one of the scenes for \u2018Kaunas &#8211; One Big Stage for Europe, three officers suddenly appeared at the Mykolas \u017dilinskas Gallery and started questioning who had flown into the military territory with a drone and what they had recorded, fortunately for me it was my colleagues\u2019 drone, but all the explanations and warnings of what was at risk lasted for more than 30 minutes,\u2019 he says laughing.\u00a0<\/span><\/p>\n<p><span style=\"font-weight: 400;\">Marius, who, together with his colleague Martynas, toured many courtyards during the quarantine period, recalls that avoiding some rather curious situations was impossible. When the two approached to discuss details, they were immediately told to keep a safe distance by the officers monitoring the event.\u00a0<\/span><\/p>\n<p><span style=\"font-weight: 400;\">Gra\u017evydas shares his \u2018baptism\u2019 memory. \u2018During my first day working with Kaunas 2022, I photographed the \u2018Let\u2019s Celebrate the River\u2019 event, during which people sailed down the Nemunas and Neris rivers in various, even self-made, water vehicles. From Panemun\u0117 beach to \u017demieji \u0160an\u010diai beach, we sailed in a large canoe with a capacity of about 20 people, with musicians on board. Live music is playing, good mood is in the air, I\u2019m taking pictures, and everything looks just amazing, but a few hundred metres away, we can see the Panemun\u0117 Bridge and its columns! Suddenly there was a scream, and I turned and saw that our wooden boat was about to hit a column. I thought we were going to capsize; the rescue plan was already in my mind&#8230; there was a \u2018boom\u2019, and then a lot of stress as the boat seemed to have broken in half, but there was enough time to reach the shore and keep everybody dry!\u2019<\/span><\/p>\n<figure id=\"attachment_125339\" aria-describedby=\"caption-attachment-125339\" style=\"width: 2500px\" class=\"wp-caption alignnone\"><img decoding=\"async\" class=\"size-full wp-image-125339\" src=\"http:\/\/kaunas2022.eu\/wp-content\/uploads\/2023\/01\/Grazvydas-Jovaisa_2022-09-15-Kultura-i-kiemus-Aleksote-Jurga-Seduikyte-GrazvydasJovaisa.jpg\" alt=\"\" width=\"2500\" height=\"1667\" srcset=\"https:\/\/kaunas2022.eu\/wp-content\/uploads\/2023\/01\/Grazvydas-Jovaisa_2022-09-15-Kultura-i-kiemus-Aleksote-Jurga-Seduikyte-GrazvydasJovaisa.jpg 2500w, https:\/\/kaunas2022.eu\/wp-content\/uploads\/2023\/01\/Grazvydas-Jovaisa_2022-09-15-Kultura-i-kiemus-Aleksote-Jurga-Seduikyte-GrazvydasJovaisa-314x209.jpg 314w, https:\/\/kaunas2022.eu\/wp-content\/uploads\/2023\/01\/Grazvydas-Jovaisa_2022-09-15-Kultura-i-kiemus-Aleksote-Jurga-Seduikyte-GrazvydasJovaisa-1024x683.jpg 1024w, https:\/\/kaunas2022.eu\/wp-content\/uploads\/2023\/01\/Grazvydas-Jovaisa_2022-09-15-Kultura-i-kiemus-Aleksote-Jurga-Seduikyte-GrazvydasJovaisa-150x100.jpg 150w, https:\/\/kaunas2022.eu\/wp-content\/uploads\/2023\/01\/Grazvydas-Jovaisa_2022-09-15-Kultura-i-kiemus-Aleksote-Jurga-Seduikyte-GrazvydasJovaisa-768x512.jpg 768w, https:\/\/kaunas2022.eu\/wp-content\/uploads\/2023\/01\/Grazvydas-Jovaisa_2022-09-15-Kultura-i-kiemus-Aleksote-Jurga-Seduikyte-GrazvydasJovaisa-1536x1024.jpg 1536w, https:\/\/kaunas2022.eu\/wp-content\/uploads\/2023\/01\/Grazvydas-Jovaisa_2022-09-15-Kultura-i-kiemus-Aleksote-Jurga-Seduikyte-GrazvydasJovaisa-2048x1366.jpg 2048w\" sizes=\"(max-width: 2500px) 100vw, 2500px\" \/><figcaption id=\"caption-attachment-125339\" class=\"wp-caption-text\">Kult\u016bra \u012f kiemus Aleksote, G. Jovai\u0161os nuotr.<\/figcaption><\/figure>\n<p><b>Personal Discoveries\u00a0\u00a0<\/b><\/p>\n<p><span style=\"font-weight: 400;\">\u2018I loved working with the Memory Office &#8211; we filmed Litvaks and listened to their life stories. These were often shocking; the conversations were long. Later on, I realised that the opportunity to witness these stories, to meet these people, was meaningful,\u2019 says Marius, who has filmed not only dozens of events but also many conversations with a wide range of people.\u00a0<\/span><\/p>\n<p><span style=\"font-weight: 400;\">Marius also mentions ConTempo, a festival he filmed from day one, the organisers of which gave him complete creative freedom. After all, he was a dancer first in his life and a video artist second, so it is only natural to single out the festival from the whole Kaunas 2022 programme. \u2018Yes, when I film dance performances, I know what to emphasise and what to take out, but above all, this art has allowed me to film all other moving objects.\u2019<\/span><\/p>\n<p><iframe title=\"YouTube video player\" src=\"https:\/\/www.youtube.com\/embed\/xWdH5iOPYEQ\" width=\"560\" height=\"315\" frameborder=\"0\" allowfullscreen=\"allowfullscreen\"><\/iframe><\/p>\n<p><span style=\"font-weight: 400;\">\u2018My favourite events have been the ones that emit cosiness, the various community celebrations. The concert of Jurga \u0160eduikyt\u0117 in Aleksotas stuck out very much &#8211; despite the rain, a lot of people gathered, some on balconies, some on the lawn, and even animals seemed to be watching the show. It would actually be possible to publish a separate album of pets,\u2019 smiles Gra\u017evydas. Among the events he cherishes, he mentions the K\u016bjeliai concert in Panemun\u0117, the Vytautas V. Landsbergis sung poetry evening in \u0160an\u010diai, the photographer\u2019s home neighbourhood, and many contemporary dance performances.<\/span><\/p>\n<p><span style=\"font-weight: 400;\">\u2018I really liked the inclusion of the Kaunas district in the programme. I think it is quite easy to organise a successful event in the city, but it can be challenging in the district where communities are more self-contained. I took a lot of photographs for the Contemporary Elderships programme; for example, I was very impressed by Lap\u0117s town, where people made chairs in a workshop. Everyone seemed to be involved, which was surprising,\u2019 recalls Andrius.\u00a0<\/span><\/p>\n<p><span style=\"font-weight: 400;\">Teodoras, meanwhile, says he was most impressed by the year-long exhibition of William Kentridge, a Litvak artist from PAR. \u2018I would say it was stronger than all the others put together,\u2019 says the Kaunasian. Theodoras also singles out Jenny Kagan\u2019s \u2018Out of Darkness\u2019 exhibition, which, according to the photographer, could have lasted longer to reach more people. And what is the most impressive person whose portrait Teodoras had to create? \u2018It\u2019s hard to surprise me, but I have to say that it was interesting to work with Yoko Ono\u2019s curator Jon Hendricks, who was organising the exhibition at the Kaunas Picture Gallery &#8211; it took a long time to coordinate everything; we only had 7 minutes, but he was an obedient poseur,\u2019 he laughs.<\/span><\/p>\n<p><img decoding=\"async\" class=\"size-full wp-image-125342\" src=\"http:\/\/kaunas2022.eu\/wp-content\/uploads\/2023\/01\/Teodoras-Biliunas_Fluxus-festivalis-scaled.jpg\" alt=\"\" width=\"2560\" height=\"1706\" srcset=\"https:\/\/kaunas2022.eu\/wp-content\/uploads\/2023\/01\/Teodoras-Biliunas_Fluxus-festivalis-scaled.jpg 2560w, https:\/\/kaunas2022.eu\/wp-content\/uploads\/2023\/01\/Teodoras-Biliunas_Fluxus-festivalis-314x209.jpg 314w, https:\/\/kaunas2022.eu\/wp-content\/uploads\/2023\/01\/Teodoras-Biliunas_Fluxus-festivalis-1024x682.jpg 1024w, https:\/\/kaunas2022.eu\/wp-content\/uploads\/2023\/01\/Teodoras-Biliunas_Fluxus-festivalis-150x100.jpg 150w, https:\/\/kaunas2022.eu\/wp-content\/uploads\/2023\/01\/Teodoras-Biliunas_Fluxus-festivalis-768x512.jpg 768w, https:\/\/kaunas2022.eu\/wp-content\/uploads\/2023\/01\/Teodoras-Biliunas_Fluxus-festivalis-1536x1023.jpg 1536w, https:\/\/kaunas2022.eu\/wp-content\/uploads\/2023\/01\/Teodoras-Biliunas_Fluxus-festivalis-2048x1365.jpg 2048w\" sizes=\"(max-width: 2560px) 100vw, 2560px\" \/>Fluxus festivalis, T. Bili\u016bno nuotr.<\/p>\n<p><span style=\"font-weight: 400;\">\u2018All the programmes were exciting, and my personal horizons were broadened by participating, but the one that has stayed with me the most is \u2018Fluxus Labas!\u2019 community events. I even stayed longer than planned and always left with a big smile. I can\u2019t fail to mention the youth program events either. One of them is the Audra festival, which I chose not to photograph so that I could join the crowd,\u2019 Gra\u017evydas shares his recipe for combining work and leisure.<\/span><\/p>\n<p><span style=\"font-weight: 400;\">\u2018I was first known to the Kaunas 2022 team more as an architectural photographer because, at that time, I was intensively photographing Kaunas modernism, as well as exhibitions and installations, so I was looking forward to the commissions from the programmes Modernism for the Future and Design for Happiness,\u2019 says Martynas, speaking about his Kaunas 2022 experience.\u00a0<\/span><\/p>\n<figure id=\"attachment_125345\" aria-describedby=\"caption-attachment-125345\" style=\"width: 2560px\" class=\"wp-caption alignnone\"><img decoding=\"async\" class=\"size-full wp-image-125345\" src=\"http:\/\/kaunas2022.eu\/wp-content\/uploads\/2023\/01\/Martynas-Plepys_Spektaklis-miske_Kaunas-2022_Martynas-Plepys-scaled.jpg\" alt=\"\" width=\"2560\" height=\"1707\" srcset=\"https:\/\/kaunas2022.eu\/wp-content\/uploads\/2023\/01\/Martynas-Plepys_Spektaklis-miske_Kaunas-2022_Martynas-Plepys-scaled.jpg 2560w, https:\/\/kaunas2022.eu\/wp-content\/uploads\/2023\/01\/Martynas-Plepys_Spektaklis-miske_Kaunas-2022_Martynas-Plepys-314x209.jpg 314w, https:\/\/kaunas2022.eu\/wp-content\/uploads\/2023\/01\/Martynas-Plepys_Spektaklis-miske_Kaunas-2022_Martynas-Plepys-1024x683.jpg 1024w, https:\/\/kaunas2022.eu\/wp-content\/uploads\/2023\/01\/Martynas-Plepys_Spektaklis-miske_Kaunas-2022_Martynas-Plepys-150x100.jpg 150w, https:\/\/kaunas2022.eu\/wp-content\/uploads\/2023\/01\/Martynas-Plepys_Spektaklis-miske_Kaunas-2022_Martynas-Plepys-768x512.jpg 768w, https:\/\/kaunas2022.eu\/wp-content\/uploads\/2023\/01\/Martynas-Plepys_Spektaklis-miske_Kaunas-2022_Martynas-Plepys-1536x1024.jpg 1536w, https:\/\/kaunas2022.eu\/wp-content\/uploads\/2023\/01\/Martynas-Plepys_Spektaklis-miske_Kaunas-2022_Martynas-Plepys-2048x1365.jpg 2048w\" sizes=\"(max-width: 2560px) 100vw, 2560px\" \/><figcaption id=\"caption-attachment-125345\" class=\"wp-caption-text\">M. Plepio nuotr.<\/figcaption><\/figure>\n<p><span style=\"font-weight: 400;\">\u2018If I had to single out an event that was one of the most difficult in terms of work, but at the same time one of the most magical, it would be Robert Magro\u2019s performance \u2018Visions\u2019 in the Kaunas district,\u2019 the photographer recalls, \u2018The forest, the night, the heavy rain, which made the acrobats even consider cancelling the performance, the fog, the water coming from the performers\u2019 costumes&#8230; and me, in my boots and raincoat. Umbrella in one hand, camera in the other. It was a wonderful performance, and I enjoyed the shots I captured,\u2019 Martynas concludes the talk about the thousands of magic moments he and his colleagues have captured over the last six years.\u00a0<\/span><\/p>\n","protected":false},"excerpt":{"rendered":"<p>Kilometres, steps, terabytes, snapshots, people met, or just ticks on the calendar are helpful ways to calculate the work done [&hellip;]<\/p>\n","protected":false},"author":19,"featured_media":125357,"comment_status":"open","ping_status":"open","sticky":false,"template":"","format":"standard","meta":{"footnotes":""},"categories":[410,15,417],"tags":[],"class_list":["post-125379","post","type-post","status-publish","format-standard","has-post-thumbnail","hentry","category-aktualijos-en-en","category-news","category-pranesimai-spaudai-en"],"_links":{"self":[{"href":"https:\/\/kaunas2022.eu\/en\/wp-json\/wp\/v2\/posts\/125379","targetHints":{"allow":["GET"]}}],"collection":[{"href":"https:\/\/kaunas2022.eu\/en\/wp-json\/wp\/v2\/posts"}],"about":[{"href":"https:\/\/kaunas2022.eu\/en\/wp-json\/wp\/v2\/types\/post"}],"author":[{"embeddable":true,"href":"https:\/\/kaunas2022.eu\/en\/wp-json\/wp\/v2\/users\/19"}],"replies":[{"embeddable":true,"href":"https:\/\/kaunas2022.eu\/en\/wp-json\/wp\/v2\/comments?post=125379"}],"version-history":[{"count":1,"href":"https:\/\/kaunas2022.eu\/en\/wp-json\/wp\/v2\/posts\/125379\/revisions"}],"predecessor-version":[{"id":125380,"href":"https:\/\/kaunas2022.eu\/en\/wp-json\/wp\/v2\/posts\/125379\/revisions\/125380"}],"wp:featuredmedia":[{"embeddable":true,"href":"https:\/\/kaunas2022.eu\/en\/wp-json\/wp\/v2\/media\/125357"}],"wp:attachment":[{"href":"https:\/\/kaunas2022.eu\/en\/wp-json\/wp\/v2\/media?parent=125379"}],"wp:term":[{"taxonomy":"category","embeddable":true,"href":"https:\/\/kaunas2022.eu\/en\/wp-json\/wp\/v2\/categories?post=125379"},{"taxonomy":"post_tag","embeddable":true,"href":"https:\/\/kaunas2022.eu\/en\/wp-json\/wp\/v2\/tags?post=125379"}],"curies":[{"name":"wp","href":"https:\/\/api.w.org\/{rel}","templated":true}]}}